{"id":3654,"date":"2024-07-02T00:11:12","date_gmt":"2024-07-01T22:11:12","guid":{"rendered":"https:\/\/cyclosaintbenoit86.fr\/?p=3654"},"modified":"2024-07-02T10:47:56","modified_gmt":"2024-07-02T08:47:56","slug":"vtt-au-lac-de-vassiviere","status":"publish","type":"post","link":"https:\/\/cyclosaintbenoit86.fr\/index.php\/vtt-au-lac-de-vassiviere\/","title":{"rendered":"VTT au Lac de Vassivi\u00e8re &#8211; Samedi 29 juin 2024"},"content":{"rendered":"\n<p>Samedi 29 Juin, 9 Vttistes se sont lanc\u00e9s \u00e0 l&rsquo; assaut d&rsquo;un des parcours phare de la transmillevache organis\u00e9e en Mai : le tour du lac de Vassivi\u00e8re. Tout ce petit monde s&rsquo;est retrouv\u00e9 chez Patrick N. pour un d\u00e9part initialement pr\u00e9vu \u00e0 6h30. Apr\u00e8s v\u00e9rification de l&rsquo;arrimage des VTT il s&rsquo;av\u00e8re que le pneu avant du VTT de Manu est \u00e0 plat <img decoding=\"async\" height=\"16\" width=\"16\" src=\"https:\/\/static.xx.fbcdn.net\/images\/emoji.php\/v9\/tbd\/1\/16\/1f62e_200d_1f4a8.png\" alt=\"\ud83d\ude2e\u200d\ud83d\udca8\">. Manu n&rsquo;\u00e9tant pas encore arriv\u00e9 le service technique s&#8217;empresse de lancer la r\u00e9paration<img decoding=\"async\" height=\"16\" width=\"16\" src=\"https:\/\/static.xx.fbcdn.net\/images\/emoji.php\/v9\/t52\/1\/16\/1f527.png\" alt=\"\ud83d\udd27\">. \u00c7a y est tout le monde est l\u00e0, nous partons 10 minutes plus tard. La route se fait sous une ambiance bon enfant et le beau temps est de la partie, mais pour combien de temps ? 10H le d\u00e9part du tour du lac de Vassivi\u00e8re est lanc\u00e9 ! 30 km nous attendent jusqu&rsquo;au resto \u00e0 Roy\u00e8re en Vassivi\u00e8re. La majeure partie du parcours se fait en for\u00eat alternant feuillus et r\u00e9sineux. Les chemins ont l\u00e9g\u00e8rement s\u00e9ch\u00e9 mais de bonnes flaques de boue nous soignent la peau des mollets. Le parcours est exigeant alternant mont\u00e9es et descentes laissant peu de place au r\u00e9pit. Quelques parties techniques font poser pied \u00e0 terre mais la majeure partie du parcours est sur des sentiers et chemins larges. 12h45 tout le monde est heureux d \u00eatre arriv\u00e9 au resto, la bi\u00e8re ragaillardi tout ce petit monde et les belles assiettes enchantent les convives. Nous repartons vers 14h30, le temps se couvre on voit des nuages gris on sent des petites gouttes, aller c&rsquo;est reparti pour 28 km roulants. Quelques belles bosses font mal aux jambes mais nous sommes sur une portion majoritairement descendante ou plate. Et Paf la pluie <img decoding=\"async\" height=\"16\" width=\"16\" src=\"https:\/\/static.xx.fbcdn.net\/images\/emoji.php\/v9\/td0\/1\/16\/1f327.png\" alt=\"\ud83c\udf27\ufe0f\"> QUE DIS JE&#8230; le d\u00e9luge plut\u00f4t. Nous r\u00e9alisons les 20 derniers km sous deux grosses averses, dommage c \u00e9tait l\u00e0 partie du parcours qui longeait le lac. Cependant cette pluie n&rsquo;\u00e9tant pas froide, elle fait du bien aux corps en surchauffe des 9 courageux Vttistes. Les 4 derniers km se font au train d&rsquo; enfer lanc\u00e9 par Patrick N. Et voil\u00e0 d\u00e9j\u00e0 la fin de cette tr\u00e8s belle sortie de 60 km et 1000m D+ boucl\u00e9 en un peu plus de 4h \u00e0 plus de 14km\/h de moyenne <img loading=\"lazy\" decoding=\"async\" height=\"16\" width=\"16\" src=\"https:\/\/static.xx.fbcdn.net\/images\/emoji.php\/v9\/t24\/1\/16\/1f9b5.png\" alt=\"\ud83e\uddb5\"><img loading=\"lazy\" decoding=\"async\" height=\"16\" width=\"16\" src=\"https:\/\/static.xx.fbcdn.net\/images\/emoji.php\/v9\/tc6\/1\/16\/1f680.png\" alt=\"\ud83d\ude80\">. Pas le temps de s&rsquo; attarder au bord du lac, l&rsquo;orage nous guette et le temps de charger les v\u00e9los le d\u00e9luge revient. Le retour se fait plus au calme qu&rsquo;au d\u00e9part, la fatigue commence \u00e0 arriver. La bonne humeur et l&rsquo;homog\u00e9n\u00e9it\u00e9 du groupe auront \u00e9t\u00e9 le fer de lance de cette journ\u00e9e formidable. La bi\u00e8re manquante \u00e0 l&rsquo; arriv\u00e9e se fait sentir nous d\u00e9cidons de nous arr\u00eater \u00e0 Magnac Laval pour nous rattraper. Elle nous fut offerte par S\u00e9bastien P. \u00e0 l&rsquo;occasion de son futur anniversaire <img loading=\"lazy\" decoding=\"async\" height=\"16\" width=\"16\" src=\"https:\/\/static.xx.fbcdn.net\/images\/emoji.php\/v9\/t6d\/1\/16\/1f973.png\" alt=\"\ud83e\udd73\"> Merci Seb. La fin de retour se fait sous une pluie incessante mais d\u00e9j\u00e0 le RDV est donn\u00e9 l&rsquo;ann\u00e9e prochaine \u00e0 la d\u00e9couverte d&rsquo; un nouveau parcours. Merci \u00e0 Patrick N. pour l&rsquo; organisation de cette superbe journ\u00e9e qu&rsquo;il n&rsquo;aurait pas fallu manquer.<\/p>\n\n\n\n<p>Texte : S\u00e9bastien G.<\/p>\n\n\n\n<figure class=\"wp-block-gallery has-nested-images columns-default is-cropped wp-block-gallery-1 is-layout-flex wp-block-gallery-is-layout-flex\">\n<figure class=\"wp-block-image size-large\"><img loading=\"lazy\" decoding=\"async\" width=\"752\" height=\"480\" data-id=\"3655\" src=\"https:\/\/cyclosaintbenoit86.fr\/wp-content\/uploads\/2024\/07\/Capture.jpg\" alt=\"\" class=\"wp-image-3655\" srcset=\"https:\/\/cyclosaintbenoit86.fr\/wp-content\/uploads\/2024\/07\/Capture.jpg 752w, https:\/\/cyclosaintbenoit86.fr\/wp-content\/uploads\/2024\/07\/Capture-300x191.jpg 300w\" sizes=\"(max-width: 752px) 100vw, 752px\" \/><\/figure>\n\n\n\n<figure class=\"wp-block-image size-full\"><img loading=\"lazy\" decoding=\"async\" width=\"750\" height=\"480\" data-id=\"3656\" src=\"https:\/\/cyclosaintbenoit86.fr\/wp-content\/uploads\/2024\/07\/Capture3.jpg\" alt=\"\" class=\"wp-image-3656\" srcset=\"https:\/\/cyclosaintbenoit86.fr\/wp-content\/uploads\/2024\/07\/Capture3.jpg 750w, https:\/\/cyclosaintbenoit86.fr\/wp-content\/uploads\/2024\/07\/Capture3-300x192.jpg 300w\" sizes=\"(max-width: 750px) 100vw, 750px\" \/><\/figure>\n\n\n\n<figure class=\"wp-block-image size-full\"><img loading=\"lazy\" decoding=\"async\" width=\"745\" height=\"480\" data-id=\"3657\" src=\"https:\/\/cyclosaintbenoit86.fr\/wp-content\/uploads\/2024\/07\/Capture2.jpg\" alt=\"\" class=\"wp-image-3657\" srcset=\"https:\/\/cyclosaintbenoit86.fr\/wp-content\/uploads\/2024\/07\/Capture2.jpg 745w, https:\/\/cyclosaintbenoit86.fr\/wp-content\/uploads\/2024\/07\/Capture2-300x193.jpg 300w\" sizes=\"(max-width: 745px) 100vw, 745px\" \/><\/figure>\n\n\n\n<figure class=\"wp-block-image size-full\"><img loading=\"lazy\" decoding=\"async\" width=\"752\" height=\"480\" data-id=\"3658\" src=\"https:\/\/cyclosaintbenoit86.fr\/wp-content\/uploads\/2024\/07\/Capture1.jpg\" alt=\"\" class=\"wp-image-3658\" srcset=\"https:\/\/cyclosaintbenoit86.fr\/wp-content\/uploads\/2024\/07\/Capture1.jpg 752w, https:\/\/cyclosaintbenoit86.fr\/wp-content\/uploads\/2024\/07\/Capture1-300x191.jpg 300w\" sizes=\"(max-width: 752px) 100vw, 752px\" \/><\/figure>\n\n\n\n<figure class=\"wp-block-image size-full\"><img loading=\"lazy\" decoding=\"async\" width=\"736\" height=\"480\" data-id=\"3659\" src=\"https:\/\/cyclosaintbenoit86.fr\/wp-content\/uploads\/2024\/07\/IMG_20240629_125603.jpg\" alt=\"\" class=\"wp-image-3659\" srcset=\"https:\/\/cyclosaintbenoit86.fr\/wp-content\/uploads\/2024\/07\/IMG_20240629_125603.jpg 736w, https:\/\/cyclosaintbenoit86.fr\/wp-content\/uploads\/2024\/07\/IMG_20240629_125603-300x196.jpg 300w\" sizes=\"(max-width: 736px) 100vw, 736px\" \/><figcaption class=\"wp-element-caption\">Oplus_0<\/figcaption><\/figure>\n\n\n\n<figure class=\"wp-block-image size-full\"><img loading=\"lazy\" decoding=\"async\" width=\"679\" height=\"480\" data-id=\"3660\" src=\"https:\/\/cyclosaintbenoit86.fr\/wp-content\/uploads\/2024\/07\/IMG_20240629_220018.jpg\" alt=\"\" class=\"wp-image-3660\" srcset=\"https:\/\/cyclosaintbenoit86.fr\/wp-content\/uploads\/2024\/07\/IMG_20240629_220018.jpg 679w, https:\/\/cyclosaintbenoit86.fr\/wp-content\/uploads\/2024\/07\/IMG_20240629_220018-300x212.jpg 300w\" sizes=\"(max-width: 679px) 100vw, 679px\" \/><figcaption class=\"wp-element-caption\">Oplus_0<\/figcaption><\/figure>\n\n\n\n<figure class=\"wp-block-image size-full\"><img loading=\"lazy\" decoding=\"async\" width=\"480\" height=\"731\" data-id=\"3661\" src=\"https:\/\/cyclosaintbenoit86.fr\/wp-content\/uploads\/2024\/07\/IMG_20240629_125430.jpg\" alt=\"\" class=\"wp-image-3661\" srcset=\"https:\/\/cyclosaintbenoit86.fr\/wp-content\/uploads\/2024\/07\/IMG_20240629_125430.jpg 480w, https:\/\/cyclosaintbenoit86.fr\/wp-content\/uploads\/2024\/07\/IMG_20240629_125430-197x300.jpg 197w\" sizes=\"(max-width: 480px) 100vw, 480px\" \/><figcaption class=\"wp-element-caption\">Oplus_0<\/figcaption><\/figure>\n\n\n\n<figure class=\"wp-block-image size-full\"><img loading=\"lazy\" decoding=\"async\" width=\"480\" height=\"851\" data-id=\"3662\" src=\"https:\/\/cyclosaintbenoit86.fr\/wp-content\/uploads\/2024\/07\/IMG20240629115501.jpg\" alt=\"\" class=\"wp-image-3662\" srcset=\"https:\/\/cyclosaintbenoit86.fr\/wp-content\/uploads\/2024\/07\/IMG20240629115501.jpg 480w, https:\/\/cyclosaintbenoit86.fr\/wp-content\/uploads\/2024\/07\/IMG20240629115501-169x300.jpg 169w\" sizes=\"(max-width: 480px) 100vw, 480px\" \/><figcaption class=\"wp-element-caption\">Oplus_0<\/figcaption><\/figure>\n\n\n\n<figure class=\"wp-block-image size-full\"><img loading=\"lazy\" decoding=\"async\" width=\"480\" height=\"754\" data-id=\"3663\" src=\"https:\/\/cyclosaintbenoit86.fr\/wp-content\/uploads\/2024\/07\/IMG_20240629_130101.jpg\" alt=\"\" class=\"wp-image-3663\" srcset=\"https:\/\/cyclosaintbenoit86.fr\/wp-content\/uploads\/2024\/07\/IMG_20240629_130101.jpg 480w, https:\/\/cyclosaintbenoit86.fr\/wp-content\/uploads\/2024\/07\/IMG_20240629_130101-191x300.jpg 191w\" sizes=\"(max-width: 480px) 100vw, 480px\" \/><figcaption class=\"wp-element-caption\">Oplus_131072<\/figcaption><\/figure>\n<\/figure>\n","protected":false},"excerpt":{"rendered":"<p>Samedi 29 Juin, 9 Vttistes se sont lanc\u00e9s \u00e0 l&rsquo; assaut d&rsquo;un des parcours phare de la transmillevache organis\u00e9e en Mai : le tour du lac de Vassivi\u00e8re. Tout ce petit monde s&rsquo;est retrouv\u00e9 chez Patrick N. pour un d\u00e9part initialement pr\u00e9vu \u00e0 6h30. Apr\u00e8s v\u00e9rification de l&rsquo;arrimage des VTT il s&rsquo;av\u00e8re que le pneu [&hellip;]<\/p>\n","protected":false},"author":2,"featured_media":3655,"comment_status":"open","ping_status":"open","sticky":false,"template":"","format":"standard","meta":{"ocean_post_layout":"","ocean_both_sidebars_style":"","ocean_both_sidebars_content_width":0,"ocean_both_sidebars_sidebars_width":0,"ocean_sidebar":"","ocean_second_sidebar":"","ocean_disable_margins":"enable","ocean_add_body_class":"","ocean_shortcode_before_top_bar":"","ocean_shortcode_after_top_bar":"","ocean_shortcode_before_header":"","ocean_shortcode_after_header":"","ocean_has_shortcode":"","ocean_shortcode_after_title":"","ocean_shortcode_before_footer_widgets":"","ocean_shortcode_after_footer_widgets":"","ocean_shortcode_before_footer_bottom":"","ocean_shortcode_after_footer_bottom":"","ocean_display_top_bar":"default","ocean_display_header":"default","ocean_header_style":"","ocean_center_header_left_menu":"","ocean_custom_header_template":"","ocean_custom_logo":0,"ocean_custom_retina_logo":0,"ocean_custom_logo_max_width":0,"ocean_custom_logo_tablet_max_width":0,"ocean_custom_logo_mobile_max_width":0,"ocean_custom_logo_max_height":0,"ocean_custom_logo_tablet_max_height":0,"ocean_custom_logo_mobile_max_height":0,"ocean_header_custom_menu":"","ocean_menu_typo_font_family":"","ocean_menu_typo_font_subset":"","ocean_menu_typo_font_size":0,"ocean_menu_typo_font_size_tablet":0,"ocean_menu_typo_font_size_mobile":0,"ocean_menu_typo_font_size_unit":"px","ocean_menu_typo_font_weight":"","ocean_menu_typo_font_weight_tablet":"","ocean_menu_typo_font_weight_mobile":"","ocean_menu_typo_transform":"","ocean_menu_typo_transform_tablet":"","ocean_menu_typo_transform_mobile":"","ocean_menu_typo_line_height":0,"ocean_menu_typo_line_height_tablet":0,"ocean_menu_typo_line_height_mobile":0,"ocean_menu_typo_line_height_unit":"","ocean_menu_typo_spacing":0,"ocean_menu_typo_spacing_tablet":0,"ocean_menu_typo_spacing_mobile":0,"ocean_menu_typo_spacing_unit":"","ocean_menu_link_color":"","ocean_menu_link_color_hover":"","ocean_menu_link_color_active":"","ocean_menu_link_background":"","ocean_menu_link_hover_background":"","ocean_menu_link_active_background":"","ocean_menu_social_links_bg":"","ocean_menu_social_hover_links_bg":"","ocean_menu_social_links_color":"","ocean_menu_social_hover_links_color":"","ocean_disable_title":"default","ocean_disable_heading":"default","ocean_post_title":"","ocean_post_subheading":"","ocean_post_title_style":"","ocean_post_title_background_color":"","ocean_post_title_background":0,"ocean_post_title_bg_image_position":"","ocean_post_title_bg_image_attachment":"","ocean_post_title_bg_image_repeat":"","ocean_post_title_bg_image_size":"","ocean_post_title_height":0,"ocean_post_title_bg_overlay":0.5,"ocean_post_title_bg_overlay_color":"","ocean_disable_breadcrumbs":"default","ocean_breadcrumbs_color":"","ocean_breadcrumbs_separator_color":"","ocean_breadcrumbs_links_color":"","ocean_breadcrumbs_links_hover_color":"","ocean_display_footer_widgets":"default","ocean_display_footer_bottom":"default","ocean_custom_footer_template":"","ocean_post_oembed":"","ocean_post_self_hosted_media":"","ocean_post_video_embed":"","ocean_link_format":"","ocean_link_format_target":"self","ocean_quote_format":"","ocean_quote_format_link":"post","ocean_gallery_link_images":"on","ocean_gallery_id":[],"footnotes":""},"categories":[9],"tags":[],"class_list":["post-3654","post","type-post","status-publish","format-standard","has-post-thumbnail","hentry","category-vtt","entry","has-media"],"_links":{"self":[{"href":"https:\/\/cyclosaintbenoit86.fr\/index.php\/wp-json\/wp\/v2\/posts\/3654","targetHints":{"allow":["GET"]}}],"collection":[{"href":"https:\/\/cyclosaintbenoit86.fr\/index.php\/wp-json\/wp\/v2\/posts"}],"about":[{"href":"https:\/\/cyclosaintbenoit86.fr\/index.php\/wp-json\/wp\/v2\/types\/post"}],"author":[{"embeddable":true,"href":"https:\/\/cyclosaintbenoit86.fr\/index.php\/wp-json\/wp\/v2\/users\/2"}],"replies":[{"embeddable":true,"href":"https:\/\/cyclosaintbenoit86.fr\/index.php\/wp-json\/wp\/v2\/comments?post=3654"}],"version-history":[{"count":2,"href":"https:\/\/cyclosaintbenoit86.fr\/index.php\/wp-json\/wp\/v2\/posts\/3654\/revisions"}],"predecessor-version":[{"id":3666,"href":"https:\/\/cyclosaintbenoit86.fr\/index.php\/wp-json\/wp\/v2\/posts\/3654\/revisions\/3666"}],"wp:featuredmedia":[{"embeddable":true,"href":"https:\/\/cyclosaintbenoit86.fr\/index.php\/wp-json\/wp\/v2\/media\/3655"}],"wp:attachment":[{"href":"https:\/\/cyclosaintbenoit86.fr\/index.php\/wp-json\/wp\/v2\/media?parent=3654"}],"wp:term":[{"taxonomy":"category","embeddable":true,"href":"https:\/\/cyclosaintbenoit86.fr\/index.php\/wp-json\/wp\/v2\/categories?post=3654"},{"taxonomy":"post_tag","embeddable":true,"href":"https:\/\/cyclosaintbenoit86.fr\/index.php\/wp-json\/wp\/v2\/tags?post=3654"}],"curies":[{"name":"wp","href":"https:\/\/api.w.org\/{rel}","templated":true}]}}